{"id":485,"date":"2026-08-30T15:10:57","date_gmt":"2026-08-30T13:10:57","guid":{"rendered":"https:\/\/www.regio-big-band.de\/?p=485"},"modified":"2026-08-30T15:11:26","modified_gmt":"2026-08-30T13:11:26","slug":"save-the-date-unsere-naechsten-termine","status":"publish","type":"post","link":"https:\/\/www.regio-big-band.de\/?p=485","title":{"rendered":"Save the Date: Unsere n\u00e4chsten Termine"},"content":{"rendered":"\n<p class=\"wp-block-paragraph\"><strong>03. 10.2026 19:30 Uhr<\/strong><br>Gemeinschaftskonzert mit der Herzogenrather Kapelle Stra\u00df 1880 e.V.<br>\u201eBlaskapelle trifft Bigband\u201c<br>Aula des Schulzentrums Herzogenrath, Bardenbergerstra\u00dfe<br>Eintritt frei<\/p>\n\n\n\n<p class=\"wp-block-paragraph\"><strong>13.12.2026 17:00 Uhr<\/strong><br>Weihnachtskonzert in der Burg Baesweiler<\/p>\n\n\n\n<p class=\"wp-block-paragraph\"><strong>Fr\u00fchjahrskonzert 2027<br><\/strong>F\u00f6rdermaschinenhaus Alsdorf<br>Brandneues Programm<\/p>\n\n\n\n<p class=\"wp-block-paragraph\">N\u00e4here Infos folgen!<\/p>\n","protected":false},"excerpt":{"rendered":"<p>03. 10.2026 19:30 UhrGemeinschaftskonzert mit der Herzogenrather Kapelle Stra\u00df 1880 e.V.\u201eBlaskapelle trifft Bigband\u201cAula des Schulzentrums Herzogenrath, Bardenbergerstra\u00dfeEintritt frei 13.12.2026 17:00 UhrWeihnachtskonzert in der Burg Baesweiler Fr\u00fchjahrskonzert 2027F\u00f6rdermaschinenhaus AlsdorfBrandneues Programm N\u00e4here Infos folgen!<\/p>\n","protected":false},"author":2,"featured_media":0,"comment_status":"closed","ping_status":"open","sticky":false,"template":"","format":"standard","meta":{"footnotes":""},"categories":[1],"tags":[4,5,10],"class_list":["post-485","post","type-post","status-publish","format-standard","hentry","category-uncategorized","tag-auftritt","tag-termin","tag-weihnachten"],"_links":{"self":[{"href":"https:\/\/www.regio-big-band.de\/index.php?rest_route=\/wp\/v2\/posts\/485","targetHints":{"allow":["GET"]}}],"collection":[{"href":"https:\/\/www.regio-big-band.de\/index.php?rest_route=\/wp\/v2\/posts"}],"about":[{"href":"https:\/\/www.regio-big-band.de\/index.php?rest_route=\/wp\/v2\/types\/post"}],"author":[{"embeddable":true,"href":"https:\/\/www.regio-big-band.de\/index.php?rest_route=\/wp\/v2\/users\/2"}],"replies":[{"embeddable":true,"href":"https:\/\/www.regio-big-band.de\/index.php?rest_route=%2Fwp%2Fv2%2Fcomments&post=485"}],"version-history":[{"count":1,"href":"https:\/\/www.regio-big-band.de\/index.php?rest_route=\/wp\/v2\/posts\/485\/revisions"}],"predecessor-version":[{"id":486,"href":"https:\/\/www.regio-big-band.de\/index.php?rest_route=\/wp\/v2\/posts\/485\/revisions\/486"}],"wp:attachment":[{"href":"https:\/\/www.regio-big-band.de\/index.php?rest_route=%2Fwp%2Fv2%2Fmedia&parent=485"}],"wp:term":[{"taxonomy":"category","embeddable":true,"href":"https:\/\/www.regio-big-band.de\/index.php?rest_route=%2Fwp%2Fv2%2Fcategories&post=485"},{"taxonomy":"post_tag","embeddable":true,"href":"https:\/\/www.regio-big-band.de\/index.php?rest_route=%2Fwp%2Fv2%2Ftags&post=485"}],"curies":[{"name":"wp","href":"https:\/\/api.w.org\/{rel}","templated":true}]}}