{"id":481,"date":"2026-08-30T15:06:53","date_gmt":"2026-08-30T13:06:53","guid":{"rendered":"https:\/\/www.regio-big-band.de\/?p=481"},"modified":"2026-08-30T15:08:13","modified_gmt":"2026-08-30T13:08:13","slug":"500-e-fuer-unsere-musikalische-arbeit-danke-sparkasse-aachen","status":"publish","type":"post","link":"https:\/\/www.regio-big-band.de\/?p=481","title":{"rendered":"500 \u20ac f\u00fcr unsere musikalische Arbeit \u2013 Danke, Sparkasse Aachen!"},"content":{"rendered":"\n<p class=\"wp-block-paragraph\">Die <a href=\"https:\/\/www.facebook.com\/hashtag\/sparkasseaachen?__eep__=6&amp;__cft__[0]=AZY6YRhKtjKq6PaebY-2wkVu8rSZu85AiF-sWevE7T81pMrzaUg1YVXlBtYunkp2zqt-5cSPWesWrIGOUY7kFEaMD7q4omqfEfckLIWUEngUSHNAk9nJuOKYKs5q-b6U8mOHx_3hIr7yiZsedNp-ls8t1S-LtaNrdM_L0A9C-M7cOtzQ6ltRaQ-10SxU2Yi_4DM&amp;__tn__=*NK-R\">#SparkasseAachen<\/a> f\u00f6rdert uns jetzt zum wiederholten Mal. Diesmal erhalten wir  eine F\u00f6rderung in H\u00f6he von 500 \u20ac. Diese Unterst\u00fctzung kommt unserer musikalischen Arbeit zugute und hilft uns dabei, musikalische Projekte auf die Beine zu stellen.<\/p>\n\n\n\n<p class=\"wp-block-paragraph\">Wir freuen uns sehr \u00fcber diese Wertsch\u00e4tzung, herzlichen Dank!<\/p>\n\n\n\n<h2 class=\"wp-block-heading\">Unsere n\u00e4chsten Termine<\/h2>\n\n\n\n<p class=\"wp-block-paragraph\"><strong>03. 10.2026 19:30 Uhr<\/strong><br>Gemeinschaftskonzert mit der Herzogenrather Kapelle Stra\u00df 1880 e.V.<br>\u201eBlaskapelle trifft Bigband\u201c<br>Aula des Schulzentrums Herzogenrath, Bardenbergerstra\u00dfe<br>Eintritt frei<\/p>\n\n\n\n<p class=\"wp-block-paragraph\"><strong>13.12.2026 17:00 Uhr<\/strong><br>Weihnachtskonzert in der Burg Baesweiler<\/p>\n\n\n\n<p class=\"wp-block-paragraph\"><strong>Fr\u00fchjahrskonzert 2027<br><\/strong>F\u00f6rdermaschinenhaus Alsdorf<br>Brandneues Programm<\/p>\n\n\n\n<p class=\"wp-block-paragraph\">N\u00e4here Infos folgen!<\/p>\n\n\n\n<p class=\"wp-block-paragraph\"><\/p>\n\n\n\n<p class=\"wp-block-paragraph\"><\/p>\n\n\n\n<p class=\"wp-block-paragraph\"><\/p>\n","protected":false},"excerpt":{"rendered":"<p>Die #SparkasseAachen f\u00f6rdert uns jetzt zum wiederholten Mal. Diesmal erhalten wir eine F\u00f6rderung in H\u00f6he von 500 \u20ac. Diese Unterst\u00fctzung kommt unserer musikalischen Arbeit zugute und hilft uns dabei, musikalische Projekte auf die Beine zu stellen. Wir freuen uns sehr \u00fcber diese Wertsch\u00e4tzung, herzlichen Dank! Unsere n\u00e4chsten Termine 03. 10.2026 19:30 UhrGemeinschaftskonzert mit der Herzogenrather &hellip; <\/p>\n<p class=\"link-more\"><a href=\"https:\/\/www.regio-big-band.de\/?p=481\" class=\"more-link\"><span class=\"screen-reader-text\">\u201e500 \u20ac f\u00fcr unsere musikalische Arbeit \u2013 Danke, Sparkasse Aachen!\u201c <\/span>weiterlesen<\/a><\/p>\n","protected":false},"author":2,"featured_media":482,"comment_status":"closed","ping_status":"open","sticky":false,"template":"","format":"standard","meta":{"footnotes":""},"categories":[1],"tags":[],"class_list":["post-481","post","type-post","status-publish","format-standard","has-post-thumbnail","hentry","category-uncategorized"],"_links":{"self":[{"href":"https:\/\/www.regio-big-band.de\/index.php?rest_route=\/wp\/v2\/posts\/481","targetHints":{"allow":["GET"]}}],"collection":[{"href":"https:\/\/www.regio-big-band.de\/index.php?rest_route=\/wp\/v2\/posts"}],"about":[{"href":"https:\/\/www.regio-big-band.de\/index.php?rest_route=\/wp\/v2\/types\/post"}],"author":[{"embeddable":true,"href":"https:\/\/www.regio-big-band.de\/index.php?rest_route=\/wp\/v2\/users\/2"}],"replies":[{"embeddable":true,"href":"https:\/\/www.regio-big-band.de\/index.php?rest_route=%2Fwp%2Fv2%2Fcomments&post=481"}],"version-history":[{"count":2,"href":"https:\/\/www.regio-big-band.de\/index.php?rest_route=\/wp\/v2\/posts\/481\/revisions"}],"predecessor-version":[{"id":484,"href":"https:\/\/www.regio-big-band.de\/index.php?rest_route=\/wp\/v2\/posts\/481\/revisions\/484"}],"wp:featuredmedia":[{"embeddable":true,"href":"https:\/\/www.regio-big-band.de\/index.php?rest_route=\/wp\/v2\/media\/482"}],"wp:attachment":[{"href":"https:\/\/www.regio-big-band.de\/index.php?rest_route=%2Fwp%2Fv2%2Fmedia&parent=481"}],"wp:term":[{"taxonomy":"category","embeddable":true,"href":"https:\/\/www.regio-big-band.de\/index.php?rest_route=%2Fwp%2Fv2%2Fcategories&post=481"},{"taxonomy":"post_tag","embeddable":true,"href":"https:\/\/www.regio-big-band.de\/index.php?rest_route=%2Fwp%2Fv2%2Ftags&post=481"}],"curies":[{"name":"wp","href":"https:\/\/api.w.org\/{rel}","templated":true}]}}