{"id":367,"date":"2024-07-18T22:41:31","date_gmt":"2024-07-18T20:41:31","guid":{"rendered":"https:\/\/www.regio-big-band.de\/?p=367"},"modified":"2024-07-18T23:07:26","modified_gmt":"2024-07-18T21:07:26","slug":"naechster-auftritt-so-18-08-2024-jazz-cafe-konzerte-stadthalle-alsdorf","status":"publish","type":"post","link":"https:\/\/www.regio-big-band.de\/?p=367","title":{"rendered":"N\u00e4chster Auftritt So. 18.08.2024 Jazz + Caf\u00e9 Konzerte Stadthalle Alsdorf"},"content":{"rendered":"\n<p>Wir freuen uns auch dieses Jahr wieder im Rahmen der Jazz + Caf\u00e9 Konzertreihe (ehemals &#8222;Jazz im Garten&#8220;) im Biergarten der Stadthalle Alsdorf auftreten zu d\u00fcrfen. Am Sonntag, dem 18.08.2024, bieten wir ab ca. 11:00 Uhr Einblicke in ein breites Spektrum der Big Band Musik. In unserem dreist\u00fcndigen Programm finden sich sowohl bekannte Big Band Klassiker als auch eigene Arrangements unseres musikalischen Leiters und Dirigenten Thomas Lehnen wieder. Unsere S\u00e4nger Lissa Reiners und Josef G\u00fclpers komplettieren unsere Interpretationen mit ihren kr\u00e4ftigen Jazzstimmen und sorgen f\u00fcr beste Unterhaltung.<\/p>\n\n\n\n<p>Der Eintritt ist dank unserer Sponsoren frei und die Gastronomie des Amadeus an der Stadthalle wird f\u00fcr Ihr leibliches Wohl sorgen!<\/p>\n\n\n\n<figure class=\"wp-block-image size-full\"><img loading=\"lazy\" decoding=\"async\" width=\"462\" height=\"652\" src=\"https:\/\/www.regio-big-band.de\/wp-content\/uploads\/2024\/07\/B-Jazz-Regio-Big-Band-1.jpg\" alt=\"\" class=\"wp-image-369\" srcset=\"https:\/\/www.regio-big-band.de\/wp-content\/uploads\/2024\/07\/B-Jazz-Regio-Big-Band-1.jpg 462w, https:\/\/www.regio-big-band.de\/wp-content\/uploads\/2024\/07\/B-Jazz-Regio-Big-Band-1-400x565.jpg 400w\" sizes=\"auto, (max-width: 462px) 100vw, 462px\" \/><\/figure>\n","protected":false},"excerpt":{"rendered":"<p>Wir freuen uns auch dieses Jahr wieder im Rahmen der Jazz + Caf\u00e9 Konzertreihe (ehemals &#8222;Jazz im Garten&#8220;) im Biergarten der Stadthalle Alsdorf auftreten zu d\u00fcrfen. Am Sonntag, dem 18.08.2024, bieten wir ab ca. 11:00 Uhr Einblicke in ein breites Spektrum der Big Band Musik. In unserem dreist\u00fcndigen Programm finden sich sowohl bekannte Big Band &hellip; <\/p>\n<p class=\"link-more\"><a href=\"https:\/\/www.regio-big-band.de\/?p=367\" class=\"more-link\"><span class=\"screen-reader-text\">\u201eN\u00e4chster Auftritt So. 18.08.2024 Jazz + Caf\u00e9 Konzerte Stadthalle Alsdorf\u201c <\/span>weiterlesen<\/a><\/p>\n","protected":false},"author":2,"featured_media":368,"comment_status":"closed","ping_status":"open","sticky":false,"template":"","format":"standard","meta":{"footnotes":""},"categories":[1],"tags":[4,5],"class_list":["post-367","post","type-post","status-publish","format-standard","has-post-thumbnail","hentry","category-uncategorized","tag-auftritt","tag-termin"],"_links":{"self":[{"href":"https:\/\/www.regio-big-band.de\/index.php?rest_route=\/wp\/v2\/posts\/367","targetHints":{"allow":["GET"]}}],"collection":[{"href":"https:\/\/www.regio-big-band.de\/index.php?rest_route=\/wp\/v2\/posts"}],"about":[{"href":"https:\/\/www.regio-big-band.de\/index.php?rest_route=\/wp\/v2\/types\/post"}],"author":[{"embeddable":true,"href":"https:\/\/www.regio-big-band.de\/index.php?rest_route=\/wp\/v2\/users\/2"}],"replies":[{"embeddable":true,"href":"https:\/\/www.regio-big-band.de\/index.php?rest_route=%2Fwp%2Fv2%2Fcomments&post=367"}],"version-history":[{"count":4,"href":"https:\/\/www.regio-big-band.de\/index.php?rest_route=\/wp\/v2\/posts\/367\/revisions"}],"predecessor-version":[{"id":375,"href":"https:\/\/www.regio-big-band.de\/index.php?rest_route=\/wp\/v2\/posts\/367\/revisions\/375"}],"wp:featuredmedia":[{"embeddable":true,"href":"https:\/\/www.regio-big-band.de\/index.php?rest_route=\/wp\/v2\/media\/368"}],"wp:attachment":[{"href":"https:\/\/www.regio-big-band.de\/index.php?rest_route=%2Fwp%2Fv2%2Fmedia&parent=367"}],"wp:term":[{"taxonomy":"category","embeddable":true,"href":"https:\/\/www.regio-big-band.de\/index.php?rest_route=%2Fwp%2Fv2%2Fcategories&post=367"},{"taxonomy":"post_tag","embeddable":true,"href":"https:\/\/www.regio-big-band.de\/index.php?rest_route=%2Fwp%2Fv2%2Ftags&post=367"}],"curies":[{"name":"wp","href":"https:\/\/api.w.org\/{rel}","templated":true}]}}