{"id":303,"date":"2023-03-07T07:50:17","date_gmt":"2023-03-07T06:50:17","guid":{"rendered":"https:\/\/www.regio-big-band.de\/?p=303"},"modified":"2023-03-13T19:52:15","modified_gmt":"2023-03-13T18:52:15","slug":"22-april-2023-regio-big-band-featuring","status":"publish","type":"post","link":"https:\/\/www.regio-big-band.de\/?p=303","title":{"rendered":"22. April 2023: REGIO BIG BAND featuring&#8230;"},"content":{"rendered":"\n<h2 class=\"wp-block-heading\">&#8230;R\u00fcdiger Baldauf \u2013 Bert Conzen \u2013 Johannes Flamm \u2013 Stefan Michalke<\/h2>\n\n\n\n<figure class=\"wp-block-image size-large\"><img loading=\"lazy\" decoding=\"async\" width=\"1280\" height=\"1418\" src=\"https:\/\/www.regio-big-band.de\/wp-content\/uploads\/2023\/03\/Plakat-2023-04-22-1280x1418.png\" alt=\"\" class=\"wp-image-313\" srcset=\"https:\/\/www.regio-big-band.de\/wp-content\/uploads\/2023\/03\/Plakat-2023-04-22-1280x1418.png 1280w, https:\/\/www.regio-big-band.de\/wp-content\/uploads\/2023\/03\/Plakat-2023-04-22-800x886.png 800w, https:\/\/www.regio-big-band.de\/wp-content\/uploads\/2023\/03\/Plakat-2023-04-22-400x443.png 400w, https:\/\/www.regio-big-band.de\/wp-content\/uploads\/2023\/03\/Plakat-2023-04-22-768x851.png 768w, https:\/\/www.regio-big-band.de\/wp-content\/uploads\/2023\/03\/Plakat-2023-04-22-1387x1536.png 1387w, https:\/\/www.regio-big-band.de\/wp-content\/uploads\/2023\/03\/Plakat-2023-04-22-1849x2048.png 1849w\" sizes=\"auto, (max-width: 767px) 89vw, (max-width: 1000px) 54vw, (max-width: 1071px) 543px, 580px\" \/><\/figure>\n\n\n\n<p>Am 22. April um 19 Uhr darf man sich im F\u00f6rdermaschinenhaus Alsdorf auf ein ganz besonderes Konzert unter der Leitung von Thomas Lehnen freuen. Wir konnten, mit freundlicher Unterst\u00fctzung durch das bundesweite F\u00f6rderprogamm IMPULS, einige hochkar\u00e4tige musikalische G\u00e4ste eingeladen. &nbsp;Vier bekannte Musikergr\u00f6\u00dfen werden mit uns beim Konzert als Solisten auf der B\u00fchne stehen. Im Vorfeld werden sie mit unseren einzelnen Instrumentengruppen Workshops durchf\u00fchren und uns coachen. Dabei sind R\u00fcdiger Baldauf, einer der erfolgreichsten Trompeter Deutschlands, Bert Conzen, Posaunist der Bigband der Bundeswehr, der ebenfalls gefragte Saxophonist Johannes Flamm und der wohlbekannte Pianist Stefan Michalke. Bekannt sind sie durch zahlreiche Tontr\u00e4ger, Funk und Fernsehen, Tourneen mit gro\u00dfen K\u00fcnstlern und Mitwirken in bekannten Orchestern und Bands.<br>F\u00fcr gute Stimmung sorgen mit ihrem Gesang auch wieder Vanessa Baldes, Josef G\u00fclpers und neu dabei Elly Heinrichs. Der Abend wird jazzig, mit sehr flotten Rhythmen, aber auch ruhigeren Passagen. Auf jeden Fall wird es in dieser Form ein einmaliges Ereignis f\u00fcr uns und unsere Publikum,  das man nicht verpassen sollte.<\/p>\n\n\n\n<hr class=\"wp-block-separator has-alpha-channel-opacity\"\/>\n\n\n\n<p>Tickets 15,-\u20ac<br>Demn\u00e4chst erh\u00e4ltlich:<\/p>\n\n\n\n<ul class=\"wp-block-list\">\n<li>per E-Mail: <a href=\"mailto:karten@regio-big-band.de\" data-type=\"mailto\" data-id=\"mailto:karten@regio-big-band.de\">karten@regio-big-band.de<\/a><\/li>\n\n\n\n<li>bei allen Musiker:innen der Regio Big Band<\/li>\n\n\n\n<li>an der Kasse des Energeticon Alsdorf, Konrad-Adenauer-Allee 7<\/li>\n<\/ul>\n\n\n\n<hr class=\"wp-block-separator has-alpha-channel-opacity\"\/>\n\n\n\n<p>Das Event wird durch die folgenden Programme gef\u00f6rdert (Links):<br><a href=\"https:\/\/www.instagram.com\/explore\/tags\/impulsamateurmusik\/\">#impulsamateurmusik<\/a><br><a href=\"https:\/\/www.instagram.com\/explore\/tags\/bmco\/\">#bmco<\/a><br><a href=\"https:\/\/www.instagram.com\/explore\/tags\/wirsinddiemusik\/\">#wirsinddiemusik<\/a><\/p>\n","protected":false},"excerpt":{"rendered":"<p>&#8230;R\u00fcdiger Baldauf \u2013 Bert Conzen \u2013 Johannes Flamm \u2013 Stefan Michalke Am 22. April um 19 Uhr darf man sich im F\u00f6rdermaschinenhaus Alsdorf auf ein ganz besonderes Konzert unter der Leitung von Thomas Lehnen freuen. Wir konnten, mit freundlicher Unterst\u00fctzung durch das bundesweite F\u00f6rderprogamm IMPULS, einige hochkar\u00e4tige musikalische G\u00e4ste eingeladen. &nbsp;Vier bekannte Musikergr\u00f6\u00dfen werden mit &hellip; <\/p>\n<p class=\"link-more\"><a href=\"https:\/\/www.regio-big-band.de\/?p=303\" class=\"more-link\"><span class=\"screen-reader-text\">\u201e22. April 2023: REGIO BIG BAND featuring&#8230;\u201c <\/span>weiterlesen<\/a><\/p>\n","protected":false},"author":2,"featured_media":312,"comment_status":"open","ping_status":"open","sticky":false,"template":"","format":"standard","meta":{"footnotes":""},"categories":[1],"tags":[4,9,5],"class_list":["post-303","post","type-post","status-publish","format-standard","has-post-thumbnail","hentry","category-uncategorized","tag-auftritt","tag-gaeste","tag-termin"],"_links":{"self":[{"href":"https:\/\/www.regio-big-band.de\/index.php?rest_route=\/wp\/v2\/posts\/303","targetHints":{"allow":["GET"]}}],"collection":[{"href":"https:\/\/www.regio-big-band.de\/index.php?rest_route=\/wp\/v2\/posts"}],"about":[{"href":"https:\/\/www.regio-big-band.de\/index.php?rest_route=\/wp\/v2\/types\/post"}],"author":[{"embeddable":true,"href":"https:\/\/www.regio-big-band.de\/index.php?rest_route=\/wp\/v2\/users\/2"}],"replies":[{"embeddable":true,"href":"https:\/\/www.regio-big-band.de\/index.php?rest_route=%2Fwp%2Fv2%2Fcomments&post=303"}],"version-history":[{"count":5,"href":"https:\/\/www.regio-big-band.de\/index.php?rest_route=\/wp\/v2\/posts\/303\/revisions"}],"predecessor-version":[{"id":314,"href":"https:\/\/www.regio-big-band.de\/index.php?rest_route=\/wp\/v2\/posts\/303\/revisions\/314"}],"wp:featuredmedia":[{"embeddable":true,"href":"https:\/\/www.regio-big-band.de\/index.php?rest_route=\/wp\/v2\/media\/312"}],"wp:attachment":[{"href":"https:\/\/www.regio-big-band.de\/index.php?rest_route=%2Fwp%2Fv2%2Fmedia&parent=303"}],"wp:term":[{"taxonomy":"category","embeddable":true,"href":"https:\/\/www.regio-big-band.de\/index.php?rest_route=%2Fwp%2Fv2%2Fcategories&post=303"},{"taxonomy":"post_tag","embeddable":true,"href":"https:\/\/www.regio-big-band.de\/index.php?rest_route=%2Fwp%2Fv2%2Ftags&post=303"}],"curies":[{"name":"wp","href":"https:\/\/api.w.org\/{rel}","templated":true}]}}