{"id":179,"date":"2021-10-04T22:39:44","date_gmt":"2021-10-04T20:39:44","guid":{"rendered":"https:\/\/www.regio-big-band.de\/?p=179"},"modified":"2021-10-04T22:41:43","modified_gmt":"2021-10-04T20:41:43","slug":"naechster-auftritt-30-10-2021-blaskapelle-trifft-bigband-gemeinsamer-neustart","status":"publish","type":"post","link":"https:\/\/www.regio-big-band.de\/?p=179","title":{"rendered":"N\u00e4chster Auftritt am 30.10.2021 um 19 Uhr: Blaskapelle trifft Bigband \u2013 gemeinsamer Neustart"},"content":{"rendered":"\n<figure class=\"wp-block-gallery columns-1 is-cropped wp-block-gallery-1 is-layout-flex wp-block-gallery-is-layout-flex\"><ul class=\"blocks-gallery-grid\"><li class=\"blocks-gallery-item\"><figure><a href=\"https:\/\/www.regio-big-band.de\/wp-content\/uploads\/2021\/10\/Plakatneu30-10-2021-1280x1829.jpg\"><img loading=\"lazy\" decoding=\"async\" width=\"1280\" height=\"1829\" src=\"https:\/\/www.regio-big-band.de\/wp-content\/uploads\/2021\/10\/Plakatneu30-10-2021-1280x1829.jpg\" alt=\"\" data-id=\"180\" class=\"wp-image-180\" srcset=\"https:\/\/www.regio-big-band.de\/wp-content\/uploads\/2021\/10\/Plakatneu30-10-2021-1280x1829.jpg 1280w, https:\/\/www.regio-big-band.de\/wp-content\/uploads\/2021\/10\/Plakatneu30-10-2021-800x1143.jpg 800w, https:\/\/www.regio-big-band.de\/wp-content\/uploads\/2021\/10\/Plakatneu30-10-2021-400x572.jpg 400w, https:\/\/www.regio-big-band.de\/wp-content\/uploads\/2021\/10\/Plakatneu30-10-2021-768x1097.jpg 768w, https:\/\/www.regio-big-band.de\/wp-content\/uploads\/2021\/10\/Plakatneu30-10-2021-1075x1536.jpg 1075w, https:\/\/www.regio-big-band.de\/wp-content\/uploads\/2021\/10\/Plakatneu30-10-2021-1433x2048.jpg 1433w, https:\/\/www.regio-big-band.de\/wp-content\/uploads\/2021\/10\/Plakatneu30-10-2021-scaled.jpg 1792w\" sizes=\"auto, (max-width: 767px) 89vw, (max-width: 1000px) 54vw, (max-width: 1071px) 543px, 580px\" \/><\/a><\/figure><\/li><\/ul><\/figure>\n\n\n\n<p>Im Rahmen des F\u00f6rderprogramms NEUSTART KULTUR &#8211; Amateurmusik in l\u00e4ndlichen R\u00e4umen &#8211; haben die Herzogenrather Kapelle Stra\u00df 1880 e.V. und die Regio Big Band &#8211; Musikinitiative Grenzland e.V. F\u00f6rdermittel f\u00fcr ein gemeinsames Konzert erhalten. Mit dem Projekttitel &#8222;Blaskapelle trifft Bigband &#8211; gemeinsamer Neustart&#8220; hatten die beiden Vereine die Jury \u00fcberzeugt. Dieses Projekt soll die Zusammenarbeit unter den Vereinen anregen, zum Wiederanfang motivieren, ein breiteres Publikum ansprechen und die M\u00f6glichkeit zu Proben und einem Gemeinschaftskonzert schaffen, bei denen der coronabedingte Abstand eingehalten werden kann.<\/p>\n\n\n\n<p>Das Gemeinschaftskonzert findet am 30. Oktober um 19 Uhr im F\u00f6rdermaschinenhaus Alsdorf statt. Beide Vereine werden nacheinander einen Einblick in ihr gro\u00dfes Repertoire geben und ein paar gemeinsam einstudierte St\u00fccke pr\u00e4sentieren.<\/p>\n\n\n\n<p><br>Aufgrund der aktuellen Coronaschutzma\u00dfnahmen werden kostenlose Eintrittskarten ausgegeben, sie sind bei den Musikern erh\u00e4ltlich. Sie k\u00f6nnen aber auch Pl\u00e4tze reservieren unter:<br><a href=\"mailto:karten@regio-big-band.de\" data-type=\"mailto\" data-id=\"mailto:karten@regio-big-band.de\">karten@regio-big-band.de<\/a><\/p>\n\n\n\n<p>Das Konzert findet unter den aktuellen Coronaregeln statt: geimpft, getestet oder genesen.<\/p>\n\n\n\n<p>Der Eintritt ist frei, um eine Spende wird gebeten.&nbsp;<\/p>\n\n\n\n<div class=\"wp-block-group alignwide\"><div class=\"wp-block-group__inner-container is-layout-flow wp-block-group-is-layout-flow\"><\/div><\/div>\n\n\n\n<p><\/p>\n","protected":false},"excerpt":{"rendered":"<p>Im Rahmen des F\u00f6rderprogramms NEUSTART KULTUR &#8211; Amateurmusik in l\u00e4ndlichen R\u00e4umen &#8211; haben die Herzogenrather Kapelle Stra\u00df 1880 e.V. und die Regio Big Band &#8211; Musikinitiative Grenzland e.V. F\u00f6rdermittel f\u00fcr ein gemeinsames Konzert erhalten. Mit dem Projekttitel &#8222;Blaskapelle trifft Bigband &#8211; gemeinsamer Neustart&#8220; hatten die beiden Vereine die Jury \u00fcberzeugt. Dieses Projekt soll die Zusammenarbeit &hellip; <\/p>\n<p class=\"link-more\"><a href=\"https:\/\/www.regio-big-band.de\/?p=179\" class=\"more-link\"><span class=\"screen-reader-text\">\u201eN\u00e4chster Auftritt am 30.10.2021 um 19 Uhr: Blaskapelle trifft Bigband \u2013 gemeinsamer Neustart\u201c <\/span>weiterlesen<\/a><\/p>\n","protected":false},"author":2,"featured_media":182,"comment_status":"open","ping_status":"open","sticky":false,"template":"","format":"standard","meta":{"footnotes":""},"categories":[1],"tags":[4,5],"class_list":["post-179","post","type-post","status-publish","format-standard","has-post-thumbnail","hentry","category-uncategorized","tag-auftritt","tag-termin"],"_links":{"self":[{"href":"https:\/\/www.regio-big-band.de\/index.php?rest_route=\/wp\/v2\/posts\/179","targetHints":{"allow":["GET"]}}],"collection":[{"href":"https:\/\/www.regio-big-band.de\/index.php?rest_route=\/wp\/v2\/posts"}],"about":[{"href":"https:\/\/www.regio-big-band.de\/index.php?rest_route=\/wp\/v2\/types\/post"}],"author":[{"embeddable":true,"href":"https:\/\/www.regio-big-band.de\/index.php?rest_route=\/wp\/v2\/users\/2"}],"replies":[{"embeddable":true,"href":"https:\/\/www.regio-big-band.de\/index.php?rest_route=%2Fwp%2Fv2%2Fcomments&post=179"}],"version-history":[{"count":5,"href":"https:\/\/www.regio-big-band.de\/index.php?rest_route=\/wp\/v2\/posts\/179\/revisions"}],"predecessor-version":[{"id":200,"href":"https:\/\/www.regio-big-band.de\/index.php?rest_route=\/wp\/v2\/posts\/179\/revisions\/200"}],"wp:featuredmedia":[{"embeddable":true,"href":"https:\/\/www.regio-big-band.de\/index.php?rest_route=\/wp\/v2\/media\/182"}],"wp:attachment":[{"href":"https:\/\/www.regio-big-band.de\/index.php?rest_route=%2Fwp%2Fv2%2Fmedia&parent=179"}],"wp:term":[{"taxonomy":"category","embeddable":true,"href":"https:\/\/www.regio-big-band.de\/index.php?rest_route=%2Fwp%2Fv2%2Fcategories&post=179"},{"taxonomy":"post_tag","embeddable":true,"href":"https:\/\/www.regio-big-band.de\/index.php?rest_route=%2Fwp%2Fv2%2Ftags&post=179"}],"curies":[{"name":"wp","href":"https:\/\/api.w.org\/{rel}","templated":true}]}}